{"id":2765,"date":"2025-03-08T19:09:39","date_gmt":"2025-03-09T00:09:39","guid":{"rendered":"https:\/\/catherinedawe.com\/?p=2765"},"modified":"2025-03-28T15:21:57","modified_gmt":"2025-03-28T19:21:57","slug":"womens-day-beyond-celebration-the-fight-continues","status":"publish","type":"post","link":"https:\/\/catherinedawe.com\/fr\/seniors\/womens-day-beyond-celebration-the-fight-continues\/","title":{"rendered":"Journ\u00e9e des femmes : au-del\u00e0 des c\u00e9l\u00e9brations, un combat toujours d\u2019actualit\u00e9"},"content":{"rendered":"<p>C\u2019est bien beau de c\u00e9l\u00e9brer le 8 mars, mais beaucoup trop de jeunes filles et de femmes \u00e2g\u00e9es vivent encore de la violence, de la discrimination et des situations terribles. Cela se produit aussi dans les pays d\u00e9velopp\u00e9s ; nous ne sommes pas aussi \u00ab civilis\u00e9s \u00bb que nous aimons le croire.<\/p>\n<p>Si vous voyez ou soup\u00e7onnez qu\u2019une situation est probl\u00e9matique, n\u2019ayez pas peur de parler ou d\u2019offrir votre aide. Le silence alimente le secret et la honte.<\/p>","protected":false},"excerpt":{"rendered":"<p>C\u2019est bien beau de c\u00e9l\u00e9brer le 8 mars, mais beaucoup trop de jeunes filles et de femmes \u00e2g\u00e9es vivent encore de la violence, de la discrimination et des situations terribles. Cela se produit aussi dans les pays d\u00e9velopp\u00e9s ; nous ne sommes pas aussi \u00ab civilis\u00e9s \u00bb que nous aimons le croire. Si vous voyez [&hellip;]<\/p>\n","protected":false},"author":993,"featured_media":2766,"comment_status":"open","ping_status":"open","sticky":false,"template":"","format":"standard","meta":{"_acf_changed":false,"footnotes":""},"categories":[89],"tags":[],"class_list":["post-2765","post","type-post","status-publish","format-standard","hentry","category-seniors"],"acf":[],"yoast_head":"<!-- This site is optimized with the Yoast SEO plugin v26.7 - https:\/\/yoast.com\/wordpress\/plugins\/seo\/ -->\n<title>Women\u2019s Day: Beyond Celebration, The Fight Continues<\/title>\n<meta name=\"description\" content=\"International Women\u2019s Day is a time to reflect. Many women face violence and discrimination. Speak up, take action, and break the silence.\" \/>\n<meta name=\"robots\" content=\"index, follow, max-snippet:-1, max-image-preview:large, max-video-preview:-1\" \/>\n<link rel=\"canonical\" href=\"http:\/\/catherinedawe.com\/seniors\/womens-day-beyond-celebration-the-fight-continues\/\" \/>\n<meta property=\"og:locale\" content=\"fr_FR\" \/>\n<meta property=\"og:type\" content=\"article\" \/>\n<meta property=\"og:title\" content=\"Women\u2019s Day: Beyond Celebration, The Fight Continues\" \/>\n<meta property=\"og:description\" content=\"International Women\u2019s Day is a time to reflect. Many women face violence and discrimination. Speak up, take action, and break the silence.\" \/>\n<meta property=\"og:url\" content=\"http:\/\/catherinedawe.com\/seniors\/womens-day-beyond-celebration-the-fight-continues\/\" \/>\n<meta property=\"og:site_name\" content=\"Catherine Dawe\" \/>\n<meta property=\"article:publisher\" content=\"https:\/\/www.facebook.com\/MontrealRealEstateforSale\" \/>\n<meta property=\"article:published_time\" content=\"2025-03-09T00:09:39+00:00\" \/>\n<meta property=\"article:modified_time\" content=\"2025-03-28T19:21:57+00:00\" \/>\n<meta property=\"og:image\" content=\"http:\/\/catherinedawe.com\/files\/2025\/03\/HM-Violence-femme.png\" \/>\n\t<meta property=\"og:image:width\" content=\"800\" \/>\n\t<meta property=\"og:image:height\" content=\"600\" \/>\n\t<meta property=\"og:image:type\" content=\"image\/png\" \/>\n<meta name=\"author\" content=\"habitamedia\" \/>\n<meta name=\"twitter:card\" content=\"summary_large_image\" \/>\n<meta name=\"twitter:creator\" content=\"@cdawemtl\" \/>\n<meta name=\"twitter:site\" content=\"@cdawemtl\" \/>\n<meta name=\"twitter:label1\" content=\"\u00c9crit par\" \/>\n\t<meta name=\"twitter:data1\" content=\"habitamedia\" \/>\n\t<meta name=\"twitter:label2\" content=\"Dur\u00e9e de lecture estim\u00e9e\" \/>\n\t<meta name=\"twitter:data2\" content=\"1 minute\" \/>\n<script type=\"application\/ld+json\" class=\"yoast-schema-graph\">{\"@context\":\"https:\/\/schema.org\",\"@graph\":[{\"@type\":\"Article\",\"@id\":\"http:\/\/catherinedawe.com\/seniors\/womens-day-beyond-celebration-the-fight-continues\/#article\",\"isPartOf\":{\"@id\":\"http:\/\/catherinedawe.com\/seniors\/womens-day-beyond-celebration-the-fight-continues\/\"},\"author\":{\"name\":\"habitamedia\",\"@id\":\"https:\/\/catherinedawe.com\/#\/schema\/person\/7cf490ac718d1f96dc4d15825b57d46e\"},\"headline\":\"Journ\u00e9e des femmes : au-del\u00e0 des c\u00e9l\u00e9brations, un combat toujours d\u2019actualit\u00e9\",\"datePublished\":\"2025-03-09T00:09:39+00:00\",\"dateModified\":\"2025-03-28T19:21:57+00:00\",\"mainEntityOfPage\":{\"@id\":\"http:\/\/catherinedawe.com\/seniors\/womens-day-beyond-celebration-the-fight-continues\/\"},\"wordCount\":183,\"commentCount\":0,\"publisher\":{\"@id\":\"https:\/\/catherinedawe.com\/#organization\"},\"image\":{\"@id\":\"http:\/\/catherinedawe.com\/seniors\/womens-day-beyond-celebration-the-fight-continues\/#primaryimage\"},\"thumbnailUrl\":\"https:\/\/catherinedawe.com\/files\/2025\/03\/HM-Violence-femme.png\",\"articleSection\":[\"Seniors\"],\"inLanguage\":\"fr-FR\",\"potentialAction\":[{\"@type\":\"CommentAction\",\"name\":\"Comment\",\"target\":[\"http:\/\/catherinedawe.com\/seniors\/womens-day-beyond-celebration-the-fight-continues\/#respond\"]}]},{\"@type\":\"WebPage\",\"@id\":\"http:\/\/catherinedawe.com\/seniors\/womens-day-beyond-celebration-the-fight-continues\/\",\"url\":\"http:\/\/catherinedawe.com\/seniors\/womens-day-beyond-celebration-the-fight-continues\/\",\"name\":\"Women\u2019s Day: Beyond Celebration, The Fight Continues\",\"isPartOf\":{\"@id\":\"https:\/\/catherinedawe.com\/#website\"},\"primaryImageOfPage\":{\"@id\":\"http:\/\/catherinedawe.com\/seniors\/womens-day-beyond-celebration-the-fight-continues\/#primaryimage\"},\"image\":{\"@id\":\"http:\/\/catherinedawe.com\/seniors\/womens-day-beyond-celebration-the-fight-continues\/#primaryimage\"},\"thumbnailUrl\":\"https:\/\/catherinedawe.com\/files\/2025\/03\/HM-Violence-femme.png\",\"datePublished\":\"2025-03-09T00:09:39+00:00\",\"dateModified\":\"2025-03-28T19:21:57+00:00\",\"description\":\"International Women\u2019s Day is a time to reflect. Many women face violence and discrimination. Speak up, take action, and break the silence.\",\"breadcrumb\":{\"@id\":\"http:\/\/catherinedawe.com\/seniors\/womens-day-beyond-celebration-the-fight-continues\/#breadcrumb\"},\"inLanguage\":\"fr-FR\",\"potentialAction\":[{\"@type\":\"ReadAction\",\"target\":[\"http:\/\/catherinedawe.com\/seniors\/womens-day-beyond-celebration-the-fight-continues\/\"]}]},{\"@type\":\"ImageObject\",\"inLanguage\":\"fr-FR\",\"@id\":\"http:\/\/catherinedawe.com\/seniors\/womens-day-beyond-celebration-the-fight-continues\/#primaryimage\",\"url\":\"https:\/\/catherinedawe.com\/files\/2025\/03\/HM-Violence-femme.png\",\"contentUrl\":\"https:\/\/catherinedawe.com\/files\/2025\/03\/HM-Violence-femme.png\",\"width\":800,\"height\":600,\"caption\":\"Women crying\"},{\"@type\":\"BreadcrumbList\",\"@id\":\"http:\/\/catherinedawe.com\/seniors\/womens-day-beyond-celebration-the-fight-continues\/#breadcrumb\",\"itemListElement\":[{\"@type\":\"ListItem\",\"position\":1,\"name\":\"Accueil\",\"item\":\"https:\/\/catherinedawe.com\/fr\/\"},{\"@type\":\"ListItem\",\"position\":2,\"name\":\"Women\u2019s Day: Beyond Celebration, The Fight Continues\"}]},{\"@type\":\"WebSite\",\"@id\":\"https:\/\/catherinedawe.com\/#website\",\"url\":\"https:\/\/catherinedawe.com\/\",\"name\":\"Catherine Dawe\",\"description\":\"\",\"publisher\":{\"@id\":\"https:\/\/catherinedawe.com\/#organization\"},\"potentialAction\":[{\"@type\":\"SearchAction\",\"target\":{\"@type\":\"EntryPoint\",\"urlTemplate\":\"https:\/\/catherinedawe.com\/?s={search_term_string}\"},\"query-input\":{\"@type\":\"PropertyValueSpecification\",\"valueRequired\":true,\"valueName\":\"search_term_string\"}}],\"inLanguage\":\"fr-FR\"},{\"@type\":\"Organization\",\"@id\":\"https:\/\/catherinedawe.com\/#organization\",\"name\":\"Catherine Dawe Exp\u00e9rience Montreal Real Estate\",\"url\":\"https:\/\/catherinedawe.com\/\",\"logo\":{\"@type\":\"ImageObject\",\"inLanguage\":\"fr-FR\",\"@id\":\"https:\/\/catherinedawe.com\/#\/schema\/logo\/image\/\",\"url\":\"https:\/\/catherinedawe.com\/files\/2024\/03\/Catherine-Dawe-Experience-Favicon.png\",\"contentUrl\":\"https:\/\/catherinedawe.com\/files\/2024\/03\/Catherine-Dawe-Experience-Favicon.png\",\"width\":500,\"height\":500,\"caption\":\"Catherine Dawe Exp\u00e9rience Montreal Real Estate\"},\"image\":{\"@id\":\"https:\/\/catherinedawe.com\/#\/schema\/logo\/image\/\"},\"sameAs\":[\"https:\/\/www.facebook.com\/MontrealRealEstateforSale\",\"https:\/\/x.com\/cdawemtl\",\"https:\/\/www.instagram.com\/cdawemtl\/\",\"https:\/\/www.linkedin.com\/in\/catherinedawe\/\",\"https:\/\/www.youtube.com\/channel\/UCxhrvXE1R5Key2BcJBHecrw\"]},{\"@type\":\"Person\",\"@id\":\"https:\/\/catherinedawe.com\/#\/schema\/person\/7cf490ac718d1f96dc4d15825b57d46e\",\"name\":\"habitamedia\",\"image\":{\"@type\":\"ImageObject\",\"inLanguage\":\"fr-FR\",\"@id\":\"https:\/\/catherinedawe.com\/#\/schema\/person\/image\/\",\"url\":\"https:\/\/secure.gravatar.com\/avatar\/2ce07b92a62daeb9db326fe55778bad6c5b5cd9c3f6b03b82c69d3e43918b8bb?s=96&d=mm&r=g\",\"contentUrl\":\"https:\/\/secure.gravatar.com\/avatar\/2ce07b92a62daeb9db326fe55778bad6c5b5cd9c3f6b03b82c69d3e43918b8bb?s=96&d=mm&r=g\",\"caption\":\"habitamedia\"},\"url\":\"https:\/\/catherinedawe.com\/fr\/author\/habitamedia\/\"}]}<\/script>\n<!-- \/ Yoast SEO plugin. -->","yoast_head_json":{"title":"Women\u2019s Day: Beyond Celebration, The Fight Continues","description":"International Women\u2019s Day is a time to reflect. Many women face violence and discrimination. Speak up, take action, and break the silence.","robots":{"index":"index","follow":"follow","max-snippet":"max-snippet:-1","max-image-preview":"max-image-preview:large","max-video-preview":"max-video-preview:-1"},"canonical":"http:\/\/catherinedawe.com\/seniors\/womens-day-beyond-celebration-the-fight-continues\/","og_locale":"fr_FR","og_type":"article","og_title":"Women\u2019s Day: Beyond Celebration, The Fight Continues","og_description":"International Women\u2019s Day is a time to reflect. Many women face violence and discrimination. Speak up, take action, and break the silence.","og_url":"http:\/\/catherinedawe.com\/seniors\/womens-day-beyond-celebration-the-fight-continues\/","og_site_name":"Catherine Dawe","article_publisher":"https:\/\/www.facebook.com\/MontrealRealEstateforSale","article_published_time":"2025-03-09T00:09:39+00:00","article_modified_time":"2025-03-28T19:21:57+00:00","og_image":[{"width":800,"height":600,"url":"http:\/\/catherinedawe.com\/files\/2025\/03\/HM-Violence-femme.png","type":"image\/png"}],"author":"habitamedia","twitter_card":"summary_large_image","twitter_creator":"@cdawemtl","twitter_site":"@cdawemtl","twitter_misc":{"\u00c9crit par":"habitamedia","Dur\u00e9e de lecture estim\u00e9e":"1 minute"},"schema":{"@context":"https:\/\/schema.org","@graph":[{"@type":"Article","@id":"http:\/\/catherinedawe.com\/seniors\/womens-day-beyond-celebration-the-fight-continues\/#article","isPartOf":{"@id":"http:\/\/catherinedawe.com\/seniors\/womens-day-beyond-celebration-the-fight-continues\/"},"author":{"name":"habitamedia","@id":"https:\/\/catherinedawe.com\/#\/schema\/person\/7cf490ac718d1f96dc4d15825b57d46e"},"headline":"Journ\u00e9e des femmes : au-del\u00e0 des c\u00e9l\u00e9brations, un combat toujours d\u2019actualit\u00e9","datePublished":"2025-03-09T00:09:39+00:00","dateModified":"2025-03-28T19:21:57+00:00","mainEntityOfPage":{"@id":"http:\/\/catherinedawe.com\/seniors\/womens-day-beyond-celebration-the-fight-continues\/"},"wordCount":183,"commentCount":0,"publisher":{"@id":"https:\/\/catherinedawe.com\/#organization"},"image":{"@id":"http:\/\/catherinedawe.com\/seniors\/womens-day-beyond-celebration-the-fight-continues\/#primaryimage"},"thumbnailUrl":"https:\/\/catherinedawe.com\/files\/2025\/03\/HM-Violence-femme.png","articleSection":["Seniors"],"inLanguage":"fr-FR","potentialAction":[{"@type":"CommentAction","name":"Comment","target":["http:\/\/catherinedawe.com\/seniors\/womens-day-beyond-celebration-the-fight-continues\/#respond"]}]},{"@type":"WebPage","@id":"http:\/\/catherinedawe.com\/seniors\/womens-day-beyond-celebration-the-fight-continues\/","url":"http:\/\/catherinedawe.com\/seniors\/womens-day-beyond-celebration-the-fight-continues\/","name":"Women\u2019s Day: Beyond Celebration, The Fight Continues","isPartOf":{"@id":"https:\/\/catherinedawe.com\/#website"},"primaryImageOfPage":{"@id":"http:\/\/catherinedawe.com\/seniors\/womens-day-beyond-celebration-the-fight-continues\/#primaryimage"},"image":{"@id":"http:\/\/catherinedawe.com\/seniors\/womens-day-beyond-celebration-the-fight-continues\/#primaryimage"},"thumbnailUrl":"https:\/\/catherinedawe.com\/files\/2025\/03\/HM-Violence-femme.png","datePublished":"2025-03-09T00:09:39+00:00","dateModified":"2025-03-28T19:21:57+00:00","description":"International Women\u2019s Day is a time to reflect. Many women face violence and discrimination. Speak up, take action, and break the silence.","breadcrumb":{"@id":"http:\/\/catherinedawe.com\/seniors\/womens-day-beyond-celebration-the-fight-continues\/#breadcrumb"},"inLanguage":"fr-FR","potentialAction":[{"@type":"ReadAction","target":["http:\/\/catherinedawe.com\/seniors\/womens-day-beyond-celebration-the-fight-continues\/"]}]},{"@type":"ImageObject","inLanguage":"fr-FR","@id":"http:\/\/catherinedawe.com\/seniors\/womens-day-beyond-celebration-the-fight-continues\/#primaryimage","url":"https:\/\/catherinedawe.com\/files\/2025\/03\/HM-Violence-femme.png","contentUrl":"https:\/\/catherinedawe.com\/files\/2025\/03\/HM-Violence-femme.png","width":800,"height":600,"caption":"Women crying"},{"@type":"BreadcrumbList","@id":"http:\/\/catherinedawe.com\/seniors\/womens-day-beyond-celebration-the-fight-continues\/#breadcrumb","itemListElement":[{"@type":"ListItem","position":1,"name":"Accueil","item":"https:\/\/catherinedawe.com\/fr\/"},{"@type":"ListItem","position":2,"name":"Women\u2019s Day: Beyond Celebration, The Fight Continues"}]},{"@type":"WebSite","@id":"https:\/\/catherinedawe.com\/#website","url":"https:\/\/catherinedawe.com\/","name":"Catherine Dawe","description":"","publisher":{"@id":"https:\/\/catherinedawe.com\/#organization"},"potentialAction":[{"@type":"SearchAction","target":{"@type":"EntryPoint","urlTemplate":"https:\/\/catherinedawe.com\/?s={search_term_string}"},"query-input":{"@type":"PropertyValueSpecification","valueRequired":true,"valueName":"search_term_string"}}],"inLanguage":"fr-FR"},{"@type":"Organization","@id":"https:\/\/catherinedawe.com\/#organization","name":"Catherine Dawe Exp\u00e9rience Montreal Real Estate","url":"https:\/\/catherinedawe.com\/","logo":{"@type":"ImageObject","inLanguage":"fr-FR","@id":"https:\/\/catherinedawe.com\/#\/schema\/logo\/image\/","url":"https:\/\/catherinedawe.com\/files\/2024\/03\/Catherine-Dawe-Experience-Favicon.png","contentUrl":"https:\/\/catherinedawe.com\/files\/2024\/03\/Catherine-Dawe-Experience-Favicon.png","width":500,"height":500,"caption":"Catherine Dawe Exp\u00e9rience Montreal Real Estate"},"image":{"@id":"https:\/\/catherinedawe.com\/#\/schema\/logo\/image\/"},"sameAs":["https:\/\/www.facebook.com\/MontrealRealEstateforSale","https:\/\/x.com\/cdawemtl","https:\/\/www.instagram.com\/cdawemtl\/","https:\/\/www.linkedin.com\/in\/catherinedawe\/","https:\/\/www.youtube.com\/channel\/UCxhrvXE1R5Key2BcJBHecrw"]},{"@type":"Person","@id":"https:\/\/catherinedawe.com\/#\/schema\/person\/7cf490ac718d1f96dc4d15825b57d46e","name":"habitamedia","image":{"@type":"ImageObject","inLanguage":"fr-FR","@id":"https:\/\/catherinedawe.com\/#\/schema\/person\/image\/","url":"https:\/\/secure.gravatar.com\/avatar\/2ce07b92a62daeb9db326fe55778bad6c5b5cd9c3f6b03b82c69d3e43918b8bb?s=96&d=mm&r=g","contentUrl":"https:\/\/secure.gravatar.com\/avatar\/2ce07b92a62daeb9db326fe55778bad6c5b5cd9c3f6b03b82c69d3e43918b8bb?s=96&d=mm&r=g","caption":"habitamedia"},"url":"https:\/\/catherinedawe.com\/fr\/author\/habitamedia\/"}]}},"_links":{"self":[{"href":"https:\/\/catherinedawe.com\/fr\/wp-json\/wp\/v2\/posts\/2765","targetHints":{"allow":["GET"]}}],"collection":[{"href":"https:\/\/catherinedawe.com\/fr\/wp-json\/wp\/v2\/posts"}],"about":[{"href":"https:\/\/catherinedawe.com\/fr\/wp-json\/wp\/v2\/types\/post"}],"author":[{"embeddable":true,"href":"https:\/\/catherinedawe.com\/fr\/wp-json\/wp\/v2\/users\/993"}],"replies":[{"embeddable":true,"href":"https:\/\/catherinedawe.com\/fr\/wp-json\/wp\/v2\/comments?post=2765"}],"version-history":[{"count":2,"href":"https:\/\/catherinedawe.com\/fr\/wp-json\/wp\/v2\/posts\/2765\/revisions"}],"predecessor-version":[{"id":2797,"href":"https:\/\/catherinedawe.com\/fr\/wp-json\/wp\/v2\/posts\/2765\/revisions\/2797"}],"wp:featuredmedia":[{"embeddable":true,"href":"https:\/\/catherinedawe.com\/fr\/wp-json\/wp\/v2\/media\/2766"}],"wp:attachment":[{"href":"https:\/\/catherinedawe.com\/fr\/wp-json\/wp\/v2\/media?parent=2765"}],"wp:term":[{"taxonomy":"category","embeddable":true,"href":"https:\/\/catherinedawe.com\/fr\/wp-json\/wp\/v2\/categories?post=2765"},{"taxonomy":"post_tag","embeddable":true,"href":"https:\/\/catherinedawe.com\/fr\/wp-json\/wp\/v2\/tags?post=2765"}],"curies":[{"name":"wp","href":"https:\/\/api.w.org\/{rel}","templated":true}]}}